{"id":10007317,"global_id":"www.soralia.be\/accueil?id=10007317","global_id_lineage":["www.soralia.be\/accueil?id=10007317"],"author":"19","status":"publish","date":"2026-09-04 11:45:51","date_utc":"2026-09-04 09:45:51","modified":"2026-09-04 12:00:57","modified_utc":"2026-09-04 10:00:57","url":"https:\/\/www.soralia.be\/accueil\/event\/chorale-a-ath\/2026-09-26\/","rest_url":"https:\/\/www.soralia.be\/accueil\/wp-json\/tribe\/events\/v1\/events\/10007317","title":"Chorale \u00e0 Ath","description":"<h3><img decoding=\"async\" class=\"alignnone size-full wp-image-24573\" src=\"https:\/\/www.soralia.be\/wp-content\/uploads\/2026\/09\/corelia-chorale-Ath.png\" alt=\"\" width=\"1500\" height=\"1000\" srcset=\"https:\/\/www.soralia.be\/wp-content\/uploads\/2026\/09\/corelia-chorale-Ath-200x133.png 200w, https:\/\/www.soralia.be\/wp-content\/uploads\/2026\/09\/corelia-chorale-Ath-300x200.png 300w, https:\/\/www.soralia.be\/wp-content\/uploads\/2026\/09\/corelia-chorale-Ath-400x267.png 400w, https:\/\/www.soralia.be\/wp-content\/uploads\/2026\/09\/corelia-chorale-Ath-500x333.png 500w, https:\/\/www.soralia.be\/wp-content\/uploads\/2026\/09\/corelia-chorale-Ath-600x400.png 600w, https:\/\/www.soralia.be\/wp-content\/uploads\/2026\/09\/corelia-chorale-Ath-700x467.png 700w, https:\/\/www.soralia.be\/wp-content\/uploads\/2026\/09\/corelia-chorale-Ath-768x512.png 768w, https:\/\/www.soralia.be\/wp-content\/uploads\/2026\/09\/corelia-chorale-Ath-800x533.png 800w, https:\/\/www.soralia.be\/wp-content\/uploads\/2026\/09\/corelia-chorale-Ath-1024x683.png 1024w, https:\/\/www.soralia.be\/wp-content\/uploads\/2026\/09\/corelia-chorale-Ath-1200x800.png 1200w, https:\/\/www.soralia.be\/wp-content\/uploads\/2026\/09\/corelia-chorale-Ath.png 1500w\" sizes=\"(max-width: 1500px) 100vw, 1500px\" \/><\/h3>\n<h3>Chorale \u00e0 Ath<\/h3>\n<p>Chanter ensemble pour sortir de la solitude, tisser des liens, s\u2019\u00e9lever et r\u00e9v\u00e9ler le meilleur de soi-m\u00eame !<br \/>\nRejoignez notre chorale athoise !<\/p>\n<p>CORELIA existe depuis juin 2024 pour rassembler les individus autour de titres connus ! De la pop, des grands classiques\u2026 on chante, pour le plaisir ! De temps \u00e0 autre, des titres plus engag\u00e9s sont propos\u00e9s au groupe et des repr\u00e9sentations lors d\u2019\u00e9v\u00e8nements sont organis\u00e9es.<\/p>\n<div class=\"fusion-layout-column fusion_builder_column fusion-builder-column-1 fusion_builder_column_1_1 1_1 fusion-flex-column\">\n<div class=\"fusion-column-wrapper fusion-column-has-shadow fusion-flex-justify-content-flex-start fusion-content-layout-column\">\n<div class=\"fusion-title title fusion-title-1 sep-underline sep-solid fusion-title-center fusion-title-text fusion-title-size-one\">\n<h3 class=\"fusion-title-heading title-heading-center\">Modalit\u00e9s<\/h3>\n<\/div>\n<\/div>\n<\/div>\n<div class=\"fusion-layout-column fusion_builder_column fusion-builder-column-2 fusion_builder_column_2_3 2_3 fusion-flex-column\">\n<div class=\"fusion-column-wrapper fusion-column-has-shadow fusion-flex-justify-content-flex-start fusion-content-layout-column\">\n<p>Pour qui ? Adultes d\u00e8s 18 ans<\/p>\n<p>Quand ? Le samedi de 10h \u00e0 12h<\/p>\n<div class=\"fusion-li-item-content\">\n<p>Prochaines dates : 12\/09, 26\/09, 03\/10, 10\/10, 07\/11, 15\/12, 12\/12\/2026<\/p>\n<\/div>\n<p>O\u00f9 ? B\u00e2timent Solidaris &#8211; rue du Fort 48 \u00e0 Ath<\/p>\n<p>Prix ? Gratuit, sur inscription<\/p>\n<p>Contact ? Soralia Wallonie picarde<\/p>\n<div class=\"fusion-li-item-content\">\n<p>068\/84 84 98 \u2013\u00a0<a href=\"mailto:soralia.mwp@solidaris.be\">soralia.mwp@solidaris.be<\/a><\/p>\n<\/div>\n<\/div>\n<\/div>","excerpt":"","slug":"chorale-a-ath","image":{"url":"https:\/\/www.soralia.be\/wp-content\/uploads\/2017\/01\/calendrier-sept.png","id":1076,"extension":"png","width":90,"height":90,"filesize":1955},"all_day":false,"start_date":"2026-09-26 10:00:00","start_date_details":{"year":"2026","month":"09","day":"26","hour":"10","minutes":"00","seconds":"00"},"end_date":"2026-09-26 12:00:00","end_date_details":{"year":"2026","month":"09","day":"26","hour":"12","minutes":"00","seconds":"00"},"utc_start_date":"2026-09-26 08:00:00","utc_start_date_details":{"year":"2026","month":"09","day":"26","hour":"08","minutes":"00","seconds":"00"},"utc_end_date":"2026-09-26 10:00:00","utc_end_date_details":{"year":"2026","month":"09","day":"26","hour":"10","minutes":"00","seconds":"00"},"timezone":"Europe\/Paris","timezone_abbr":"CEST","cost":"","cost_details":{"currency_symbol":"\u20ac","currency_code":"USD","currency_position":"prefix","values":[]},"website":"","show_map":true,"show_map_link":true,"hide_from_listings":false,"sticky":false,"featured":false,"categories":[{"name":"Adultes","slug":"adultes","term_group":0,"term_taxonomy_id":751,"taxonomy":"tribe_events_cat","description":"","parent":0,"count":41,"filter":"raw","id":751,"urls":{"self":"https:\/\/www.soralia.be\/accueil\/wp-json\/tribe\/events\/v1\/categories\/751","collection":"https:\/\/www.soralia.be\/accueil\/wp-json\/tribe\/events\/v1\/categories"}},{"name":"Arts de la sc\u00e8ne","slug":"arts-de-la-scene","term_group":0,"term_taxonomy_id":779,"taxonomy":"tribe_events_cat","description":"","parent":0,"count":16,"filter":"raw","id":779,"urls":{"self":"https:\/\/www.soralia.be\/accueil\/wp-json\/tribe\/events\/v1\/categories\/779","collection":"https:\/\/www.soralia.be\/accueil\/wp-json\/tribe\/events\/v1\/categories"}},{"name":"Soralia","slug":"soralia","term_group":0,"term_taxonomy_id":761,"taxonomy":"tribe_events_cat","description":"","parent":0,"count":54,"filter":"raw","id":761,"urls":{"self":"https:\/\/www.soralia.be\/accueil\/wp-json\/tribe\/events\/v1\/categories\/761","collection":"https:\/\/www.soralia.be\/accueil\/wp-json\/tribe\/events\/v1\/categories"}},{"name":"Wallonie-picarde","slug":"wallonie-picarde","term_group":0,"term_taxonomy_id":82,"taxonomy":"tribe_events_cat","description":"","parent":76,"count":126,"filter":"raw","id":82,"urls":{"self":"https:\/\/www.soralia.be\/accueil\/wp-json\/tribe\/events\/v1\/categories\/82","collection":"https:\/\/www.soralia.be\/accueil\/wp-json\/tribe\/events\/v1\/categories","up":"https:\/\/www.soralia.be\/accueil\/wp-json\/tribe\/events\/v1\/categories\/76"}}],"tags":[],"venue":{"id":11028,"author":"19","status":"publish","date":"2020-09-07 11:49:12","date_utc":"2020-09-07 09:49:12","modified":"2020-09-07 11:49:12","modified_utc":"2020-09-07 09:49:12","url":"https:\/\/www.soralia.be\/accueil\/lieu\/solidaris-ath\/","venue":"Solidaris Ath","slug":"solidaris-ath","address":"rue du Fort, 48","city":"Ath","country":"Belgique","province":"Hainaut","zip":"7800","stateprovince":"Hainaut","json_ld":{"@type":"Place","name":"Solidaris Ath","description":"","url":"https:\/\/www.soralia.be\/accueil\/lieu\/solidaris-ath\/","address":{"@type":"PostalAddress","streetAddress":"rue du Fort, 48","addressLocality":"Ath","addressRegion":"Hainaut","postalCode":"7800","addressCountry":"Belgique"},"telephone":"","sameAs":""},"show_map":true,"show_map_link":true,"global_id":"www.soralia.be\/accueil?id=11028","global_id_lineage":["www.soralia.be\/accueil?id=11028"]},"organizer":[{"id":16021,"author":"19","status":"publish","date":"2023-06-30 12:09:30","date_utc":"2023-06-30 10:09:30","modified":"2026-01-21 12:14:59","modified_utc":"2026-01-21 11:14:59","url":"https:\/\/www.soralia.be\/accueil\/organisateur\/soralia-wallonie-picarde\/","organizer":"Soralia Wallonie picarde","slug":"soralia-wallonie-picarde","phone":"068\/84 89 19","website":"https:\/\/lesassociationssolidaris.be\/regions\/hainaut\/mons-wallonie-picarde\/","email":"soralia.mwp@solidaris.be","json_ld":{"@type":"Person","name":"Soralia Wallonie picarde","description":"","url":"https:\/\/lesassociationssolidaris.be\/regions\/hainaut\/mons-wallonie-picarde\/","telephone":"068\/84 89 19","email":"&#115;o&#114;a&#108;i&#97;.&#109;&#119;&#112;&#64;so&#108;&#105;d&#97;ri&#115;.be","sameAs":"https:\/\/lesassociationssolidaris.be\/regions\/hainaut\/mons-wallonie-picarde\/"},"global_id":"www.soralia.be\/accueil?id=16021","global_id_lineage":["www.soralia.be\/accueil?id=16021"]}],"custom_fields":[],"json_ld":{"@context":"http:\/\/schema.org","@type":"Event","name":"Chorale \u00e0 Ath","description":"&lt;p&gt;Chorale \u00e0 Ath Chanter ensemble pour sortir de la solitude, tisser des liens, s\u2019\u00e9lever et r\u00e9v\u00e9ler le meilleur de soi-m\u00eame ! Rejoignez notre chorale athoise ! CORELIA existe depuis juin 2024 pour rassembler les individus autour de titres connus ! De la pop, des grands classiques\u2026 on chante, pour le  [...]&lt;\/p&gt;\\n","image":"https:\/\/www.soralia.be\/wp-content\/uploads\/2017\/01\/calendrier-sept.png","url":"https:\/\/www.soralia.be\/accueil\/event\/chorale-a-ath\/2026-09-26\/","eventAttendanceMode":"https:\/\/schema.org\/OfflineEventAttendanceMode","eventStatus":"https:\/\/schema.org\/EventScheduled","startDate":"2026-09-26T10:00:00+02:00","endDate":"2026-09-26T12:00:00+02:00","location":{"@type":"Place","name":"Solidaris Ath","description":"","url":"https:\/\/www.soralia.be\/accueil\/lieu\/solidaris-ath\/","address":{"@type":"PostalAddress","streetAddress":"rue du Fort, 48","addressLocality":"Ath","addressRegion":"Hainaut","postalCode":"7800","addressCountry":"Belgique"},"telephone":"","sameAs":""},"organizer":{"@type":"Person","name":"Soralia Wallonie picarde","description":"","url":"https:\/\/lesassociationssolidaris.be\/regions\/hainaut\/mons-wallonie-picarde\/","telephone":"068\/84 89 19","email":"&#115;&#111;r&#97;&#108;ia&#46;m&#119;&#112;&#64;s&#111;li&#100;a&#114;&#105;s.be","sameAs":"https:\/\/lesassociationssolidaris.be\/regions\/hainaut\/mons-wallonie-picarde\/"},"performer":"Organization"},"is_virtual":false,"virtual_url":null,"virtual_video_source":""}