{"id":22304,"date":"2025-09-18T10:51:46","date_gmt":"2025-09-18T08:51:46","guid":{"rendered":"https:\/\/www.soralia.be\/accueil\/?p=22304"},"modified":"2025-09-18T11:07:19","modified_gmt":"2025-09-18T09:07:19","slug":"construire-la-justice-sociale-notre-combat-pour-toutes-et-tous","status":"publish","type":"post","link":"https:\/\/www.soralia.be\/accueil\/construire-la-justice-sociale-notre-combat-pour-toutes-et-tous\/","title":{"rendered":"Construire la justice sociale : notre combat pour toutes et tous"},"content":{"rendered":"<p><em>Communiqu\u00e9 de presse du r\u00e9seau associatif de Solidaris du 22 septembre 2025<\/em><br \/>\n<em>(Soralia, Sof\u00e9lia, Liages, Esenca, Latitude Jeunes)<\/em><\/p>\n<p><strong>Nos valeurs<\/strong><br \/>\nLes associations du r\u00e9seau Solidaris \u2014 Esenca, Latitudes Jeunes, Sof\u00e9lia, Liages et Soralia \u2014 portent une vision de soci\u00e9t\u00e9 fond\u00e9e sur la solidarit\u00e9, l\u2019\u00e9mancipation et la justice sociale, o\u00f9 chaque personne, quelle que soit son genre, son \u00e2ge, son origine ou sa situation, peut vivre dignement. Un emploi stable et de qualit\u00e9, un logement abordable, des services publics accessibles et forts, une protection solide contre la pr\u00e9carit\u00e9 : voil\u00e0 notre ambition. Que les droits des femmes, des minorit\u00e9s de genre, des jeunes, des a\u00een\u00e9s et des personnes en situation de handicap soient pleinement respect\u00e9s. Que le secteur associatif et les corps interm\u00e9diaires soient valoris\u00e9s comme piliers essentiels du vivre-ensemble.<\/p>\n<p><strong>Un an de reculs et de trahisons<\/strong><br \/>\nH\u00e9las, force est de constater que le gouvernement va \u00e0 l\u2019oppos\u00e9 de ces aspirations. Apr\u00e8s un an de mandat, les promesses se sont \u00e9vapor\u00e9es, laissant place \u00e0 une politique du pire.<\/p>\n<ul>\n<li>Pr\u00e9carisation massive de l\u2019emploi et exclusion de milliers de personnes priv\u00e9es de revenus ;<\/li>\n<li>Affaiblissement d\u00e9lib\u00e9r\u00e9 des services publics et marchandisation des cr\u00e8ches et des soins ;<\/li>\n<li>Destruction du dialogue social et m\u00e9pris des acteurs de terrain ;<\/li>\n<li>Abandon des plus fragiles : femmes, jeunes, a\u00een\u00e9\u2219e\u2219s et personnes en situation de handicap sont les premi\u00e8res victimes de ces choix irresponsables.<\/li>\n<\/ul>\n<p><strong>Nos revendications et notre appel \u00e0 mobilisation<\/strong><br \/>\nFace \u00e0 ce bilan catastrophique, les associations du r\u00e9seau Solidaris appellent \u00e0 riposter ensemble. Nous exigeons :<\/p>\n<ul>\n<li>Un investissement dans les emplois du non-marchand et les APE ;<\/li>\n<li>La protection et le renforcement des services publics ;<\/li>\n<li>Un plan concret contre la pr\u00e9carit\u00e9 \u00e9nerg\u00e9tique et le mal-logement ;<\/li>\n<li>Une Belgique qui place la solidarit\u00e9 au coeur de ses priorit\u00e9s.<\/li>\n<\/ul>\n<p><strong>Le mercredi 24 septembre \u00e0 Namur, marchons pour d\u00e9fendre nos droits et nos valeurs. Rejoignez-nous \u00e0 10h \u00e0 la Gare !<\/strong><\/p>\n<p><img decoding=\"async\" class=\"alignnone size-full wp-image-22305\" src=\"https:\/\/www.soralia.be\/wp-content\/uploads\/2025\/09\/Bache-associative-scaled-e1758185478910.png\" alt=\"\" width=\"1000\" height=\"250\" \/><\/p>\n","protected":false},"excerpt":{"rendered":"<p>Communiqu\u00e9 de presse du r\u00e9seau associatif de Solidaris du 22 septembre 2025 (Soralia, Sof\u00e9lia, Liages, Esenca, Latitude Jeunes) Nos valeurs Les associations du r\u00e9seau Solidaris \u2014 Esenca, Latitudes Jeunes, Sof\u00e9lia, Liages et Soralia \u2014 portent une vision de soci\u00e9t\u00e9 fond\u00e9e sur la solidarit\u00e9, l\u2019\u00e9mancipation et la justice sociale, o\u00f9 chaque  [&#8230;]<\/p>\n","protected":false},"author":4,"featured_media":22307,"comment_status":"closed","ping_status":"closed","sticky":false,"template":"","format":"standard","meta":{"footnotes":""},"categories":[717,718,239,242,240,241],"tags":[260,249],"class_list":["post-22304","post","type-post","status-publish","format-standard","has-post-thumbnail","hentry","category-2025-actu","category-2025-comm","category-citoyennete-actu","category-citoyennete-comm","category-enjeux-socio-economiques-actu","category-enjeux-socio-economiques-comm","tag-droit-citoyennete","tag-enjeux-socio-economiques"],"_links":{"self":[{"href":"https:\/\/www.soralia.be\/accueil\/wp-json\/wp\/v2\/posts\/22304","targetHints":{"allow":["GET"]}}],"collection":[{"href":"https:\/\/www.soralia.be\/accueil\/wp-json\/wp\/v2\/posts"}],"about":[{"href":"https:\/\/www.soralia.be\/accueil\/wp-json\/wp\/v2\/types\/post"}],"author":[{"embeddable":true,"href":"https:\/\/www.soralia.be\/accueil\/wp-json\/wp\/v2\/users\/4"}],"replies":[{"embeddable":true,"href":"https:\/\/www.soralia.be\/accueil\/wp-json\/wp\/v2\/comments?post=22304"}],"version-history":[{"count":1,"href":"https:\/\/www.soralia.be\/accueil\/wp-json\/wp\/v2\/posts\/22304\/revisions"}],"predecessor-version":[{"id":22306,"href":"https:\/\/www.soralia.be\/accueil\/wp-json\/wp\/v2\/posts\/22304\/revisions\/22306"}],"wp:featuredmedia":[{"embeddable":true,"href":"https:\/\/www.soralia.be\/accueil\/wp-json\/wp\/v2\/media\/22307"}],"wp:attachment":[{"href":"https:\/\/www.soralia.be\/accueil\/wp-json\/wp\/v2\/media?parent=22304"}],"wp:term":[{"taxonomy":"category","embeddable":true,"href":"https:\/\/www.soralia.be\/accueil\/wp-json\/wp\/v2\/categories?post=22304"},{"taxonomy":"post_tag","embeddable":true,"href":"https:\/\/www.soralia.be\/accueil\/wp-json\/wp\/v2\/tags?post=22304"}],"curies":[{"name":"wp","href":"https:\/\/api.w.org\/{rel}","templated":true}]}}